{"id":6877,"date":"2023-08-14T09:08:28","date_gmt":"2023-08-14T07:08:28","guid":{"rendered":"https:\/\/poslovi.infostud.com\/blog\/?p=6877"},"modified":"2023-08-14T16:15:46","modified_gmt":"2023-08-14T14:15:46","slug":"srdan-saper-put-od-rock-scene-do-marketinske-dominacije","status":"publish","type":"post","link":"https:\/\/poslovi.infostud.com\/blog\/srdan-saper-put-od-rock-scene-do-marketinske-dominacije\/","title":{"rendered":"SR\u0110AN \u0160APER: Put od rock scene do marketin\u0161ke dominacije"},"content":{"rendered":"\n<p>Pre malo vi\u0161e od \u010detiri decenije, u izdanju zagreba\u010dkog Jugotona, iza\u0161ao je kultni album grupe \u201eVIS Idoli\u201c, osnovane tek dve godine ranije. \u201eOdbrana i poslednji dani\u201c, kako je nazvan, kasnije \u0107e biti progla\u0161en najboljim rok albumom svih vremena u biv\u0161oj Jugoslaviji, a grupa Idoli, posta\u0107e <strong>sinonim za novi muzi\u010dki pravac na ovim prostorima.<\/strong> <\/p>\n\n\n\n<p>Ime Sr\u0111ana \u0160apera, jednog od osniva\u010da Idola, osim za muzi\u010dku karijeru, vezuje se svakako i za onu marketin\u0161ku, u kojoj uspe\u0161no pliva decenijama. <br>Njegova I&amp;F Grupa spada u red vode\u0107ih marketin\u0161kih i komunikacionih sistema u EU, posluje u Jugoisto\u010dnoj Evropi i nordijskom regionu i zapo\u0161ljava oko 600 talentovanih profesionalaca. <\/p>\n\n\n\n<p>Ipak, svoj prvi honorar \u0160aper nije zaradio ni u muzici, ni u marketingu, a ni na filmu, iako je zavr\u0161io filmsku i TV re\u017eiju na beogradskom Fakultetu dramskih umetnosti (FDU).<\/p>\n\n\n\n<p>&#8211; Jo\u0161 kao srednjo\u0161kolac povremeno bih dr\u017eao \u010dasove srpskog jezika ili preveo ne\u0161to sa engleskog za prijatelje, ali to je bilo sve sitno pa niti bih to mogao da nazovem poslom, niti novac koji sam zaradio nekim ozbiljnijim honorarom. Prvi zna\u010dajniji novac, pre muzike, zaradio sam kao dvadesetogodi\u0161njak, tada student medicine. Radili smo obi\u010dne fizi\u010dke poslove, preko Omladinske zadruge, <strong>u pitanju je bilo opremanje Sava centra i hotela Interkontinetal<\/strong> koji su se tada gradili &#8211; ka\u017ee \u0160aper za Infostudov serijal Moj prvi posao.<\/p>\n\n\n\n<h2>Ko \u0107e da \u010deka do slova \u0160<\/h2>\n\n\n\n<p>On dodaje da je te, 1979. godine, Beograd bio doma\u0107in Godi\u0161nje Skup\u0161tine MMF-a i Svetske banke, a skup se de\u0161avao ba\u0161 u Sava centru.<\/p>\n\n\n\n<p>&#8211;&nbsp;<strong>Anga\u017eovani smo kao kuriri i ispomo\u0107 delegacijama koje su do\u0161le na doga\u0111aj<\/strong> &#8211;&nbsp;ka\u017ee \u0160aper.&nbsp;<\/p>\n\n\n\n<p>Na\u0161 sagovornik je na ovom doga\u0111aju zapravo bio kurir delegaciji Novog Zelanda, koja je predsedavala Godi\u0161njom Skup\u0161tinom Svetske banke i MMF-a, ali taj posao nije dobio jednostavno.&nbsp;<\/p>\n\n\n\n<p>&#8211; Posao se dodeljivao po azbu\u010dnom redu, a po\u0161to moje prezime po\u010dinje slovom \u0160, ispalo je da ja me\u0111u poslednjima dobijam anga\u017eman, odnosno da \u0107e mi pripasti neki sitni poslovi, kada se sve ostalo ve\u0107 raspodeli. Zato sam se menjao sa nekim ko se prezivao na A, pa sam tako dobio taj posao. <strong>Bile su to jako zanimljive dve sedmice<\/strong>, ostalo mi je u se\u0107anju rukovanje sa Robertom Meknamarom, tada\u0161njim predsednikom Svetske banke, \u010dovekom koji je neko vreme bio ameri\u010dki sekretar za odbranu i smatra se inicijatorom vijetnamskog rata &#8211; pri\u010da nam \u0160aper dodaju\u0107i da je od honorara sebi mogao da priu\u0161ti neku novu garderobu.&nbsp;<\/p>\n\n\n\n<h2>Nesu\u0111eni neuropsihijatar<\/h2>\n\n\n\n<p>Grupu Idoli osnovao je, zajedno sa Vladom Divljanom i Neboj\u0161om Krsti\u0107em ve\u0107 naredne godine, a nedugo nakon otpo\u010dinjanja muzi\u010dke karijere doneo je odluku i da studije medicine zameni re\u017eijom.&nbsp;<\/p>\n\n\n\n<p>&#8211; Medicina me je privla\u010dila zbog svoje \u0161irine, smatrao sam da njome mogu da pove\u017eem svoje interesovanje i za prirodne i za humanisti\u010dke nauke, voleo sam da \u010ditam Junga i \u017eeleo da postanem neuropsihijatar. Ali sam <strong>onda u nekom trenutku shvatio da ne mogu na vi\u0161e frontova<\/strong>, <strong>ne mogu da budem i muzi\u010dar i lekar<\/strong>, medicina zahteva celog \u010doveka, mora\u0161 joj se posvetiti da bi bio uspe\u0161an u tome. U me\u0111uvremenu se desila i neka promena u na\u010dinu studiranja koja je podrazumevala da moram redovno da idem na predavanja i redovno da u\u010dim, a ja sam ipak vi\u0161e bio kampanjac. Zato sam odustao i <strong>pre\u0161ao da studiram filmsku re\u017eiju<\/strong>, jer mi se \u010dinilo da nudi \u0161irinu kao i medicina, da&nbsp;&nbsp;obuhvata i knji\u017eevnost i kreativnost, ali i organizaciju, i re\u017eiju i produkciju. U isto vreme si i \u0161ef i \u0161egrt &#8211; navodi \u0160aper.&nbsp;<\/p>\n\n\n\n<p>Iako je po obrazovanju re\u017eiser, \u0160aper nije re\u017eirao nijedan film, ali jeste glumio u kultnim jugoslovenskim ostvarenjima poput filmova \u201eDavitelj protiv davitelja\u201c i \u201eDe\u010dko koji obe\u0107ava\u201c. Ipak, muzika je u to vreme bila njegova glavna preokupacija.<\/p>\n\n\n\n<p>&#8211; <strong>Idoli su nastali 1980.<\/strong> i do njihovog raspada \u017eiveo sam od muzike. Dobijali smo honorare od autorskih prava, od koncerata i nastupa, od izvo\u0111a\u010dkih prava, od gostovanja u TV emisijama. Se\u0107am se da smo se bili u\u010dlanili u Udru\u017eenje muzi\u010dara u Pan\u010devu, pa smo tako pla\u0107ali sebi doprinose za penzijsko i zdravstveno &#8211;&nbsp;pri\u010da Sr\u0111an za Infostud.<\/p>\n\n\n\n<h2>Divljan se prvi osamostalio<\/h2>\n\n\n\n<p>On navodi da honorari ipak nisu bili na po\u010detku dovoljni da bi se od njih moglo samostalno \u017eiveti.&nbsp;<\/p>\n\n\n\n<p>&#8211; Vlada (Divljan) se prvi me\u0111u nama osamostalio. <strong>Kupio je malu garsonjeru od 15 kvadrata, pa je po\u010deo da \u017eivi sam<\/strong>. Ja sam zara\u0111ivao dovoljno da mogu da finansiram svoje potrebe, ali sam i dalje \u017eiveo kod roditelja.. Ako, dakle, izuzmemo stan i hranu, imao sam dovoljno za sebe. Posle tri godine bavljenja muzikom kupio sam sebi prvi automobil, polovnog Spa\u010deka &#8211; se\u0107a se \u0160aper.&nbsp;<\/p>\n\n\n\n<p>Mada se i posle raspada Idola muzici vra\u0107ao jo\u0161 dva puta, najpre je sredinom 80-ih sa Neboj\u0161om Krsti\u0107em osnovao bend \u201cUnutra\u0161nja imperija\u201d, a onda 90-ih godina i \u201cDobrovoljno peva\u010dko dru\u0161tvo\u201d, mo\u017ee se re\u0107i da je <strong>pravi posao Sr\u0111ana \u0160apera usledio tek kada je u\u0161ao u svet marketinga<\/strong>. <\/p>\n\n\n\n<h2>Frilenser do svoje 34.<\/h2>\n\n\n\n<p>Na pitanje da li je marketin\u0161ke sklonosti pokazivao jo\u0161 u Idolima, odnosno da li je on zapravo bio glavni promoter i marketin\u0161ki guru benda, \u0160aper odgovara:<\/p>\n\n\n\n<p>&#8211; Nisam, time smo se bavili svi zajedno. U marketing sam u\u0161ao nakon zavr\u0161enog fakulteta, kada sam <strong>zajedno sa svojim prijateljima Borisom Miljkovi\u0107em i Branimirom Dimitrijevi\u0107em osnovao radnu zajednicu<\/strong>, jer tada nije mogla da se osniva privatna agencija, koja se bavila reklamnim spotovima. Tako sam u\u0161ao u svet marketinga i narednih deset godina \u017eivota, dakle do 34. godine \u017eiveo sam kao frilenser. Sam sam sebi upla\u0107ivao radni sta\u017e, radio sam lepe i kreativne stvari, zara\u0111ivao od njih solidno, ali to je sve bio posao od danas do sutra &#8211; ka\u017ee \u0160aper.&nbsp;<\/p>\n\n\n\n<p>Potreba za sigurno\u0161\u0107u i stalnim poslom navela ga je da osnuje prvu marketin\u0161ku agenciju \u201cIdols and friends\u201d, zajedno sa Branimirom Dimitrijevi\u0107em, a krajem 90-ih po\u010dinje njihova saradnja sa globalnom marketin\u0161kom ku\u0107om McCann. Kasnije nastaje i I&amp;F Grupa.&nbsp;<\/p>\n\n\n\n<p>&#8211; Po\u010deo sam od male agencije i zajedni\u010dkog posla sa prijateljima, a danas je to globalna kompanija. Na tom razvojnom putu pravio sam, naravno, mnoge gre\u0161ke, pre svega zbog \u010dinjenice da <strong>nisam uvek i na vreme shvatao da kada neka firma preraste okvire malog preduze\u0107a, mora se njome druga\u010dije upravljati<\/strong>. Trebalo je da odvojim vi\u0161e vremena za sopstvenu edukaciju, kao samouki preduzetnik pravio sam gre\u0161ke koje mo\u017eda nisam morao &#8211;&nbsp;ka\u017ee \u0160aper za Infostud.&nbsp;<\/p>\n\n\n\n<h2>Lak\u0161e se sada menja posao<\/h2>\n\n\n\n<p>Agencija kojom rukovodi Sr\u0111an \u0160aper <strong>dobitnik je vi\u0161e razli\u010ditih priznanja u oblasti marketinga<\/strong>, a on sam nagra\u0111en je 2011. godine.&nbsp;&nbsp;Udru\u017eenje za tr\u017ei\u0161ne komunikacije Srbije UEPS dodelilo mu je Nagradu za \u017eivotno delo. Manje je poznato da je Sr\u0111an \u0160aper vlasnik <a href=\"https:\/\/novembargallery.com\/sr\/\" target=\"_blank\" rel=\"noreferrer noopener\"><strong>\u201cGalerije Novembar\u201d<\/strong><\/a> koja predstavlja radove mladih talentovanih umetnika iz Srbije i regiona, ali i da je serija \u201cBesa\u201d ura\u0111ena po njegovoj ideji.&nbsp;<\/p>\n\n\n\n<p>Razgovor za serijal Moj prvi posao zavr\u0161avamo njegovim odgovorom na pitanje da li bi mladim ljudima savetovao da biraju posao koji vole ili da se rukovode potrebom da obezbede sigurnu egzistenciju:<\/p>\n\n\n\n<p>&#8211; Onima koji imaju takvu dilemu, jer mnogi je nemaju, <strong>uvek bih savetovao da rade ono \u0161to vole<\/strong>. Pogotovo danas, kada je tehnologija u toj meri napredovala, kada mo\u017eete brzo i relativno lako savladati neke nove ve\u0161tine i promeniti posao, radite ono \u0161to vas ispunjava, a uz trud i malo sre\u0107e, to \u0107e vam onda omogu\u0107iti i egzistenciju &#8211; zaklju\u010duje \u0160aper.&nbsp;<\/p>\n","protected":false},"excerpt":{"rendered":"<p>Pre malo vi\u0161e od \u010detiri decenije, u izdanju zagreba\u010dkog Jugotona, iza\u0161ao je kultni album grupe \u201eVIS Idoli\u201c, osnovane tek dve godine ranije. \u201eOdbrana i poslednji dani\u201c, kako je nazvan, kasnije \u0107e biti progla\u0161en najboljim rok albumom svih vremena u biv\u0161oj Jugoslaviji, a grupa Idoli, posta\u0107e sinonim za novi muzi\u010dki pravac na ovim prostorima. Ime Sr\u0111ana [&hellip;]<\/p>\n","protected":false},"author":829851,"featured_media":6880,"comment_status":"open","ping_status":"open","sticky":false,"template":"","format":"standard","meta":[],"categories":[9],"tags":[],"yoast_head":"<!-- This site is optimized with the Yoast SEO plugin v15.1.1 - https:\/\/yoast.com\/wordpress\/plugins\/seo\/ -->\n<title>SR\u0110AN \u0160APER: Put od rock scene do marketin\u0161ke dominacije - Poslovi Infostud<\/title>\n<meta name=\"description\" content=\"Kako je tekao poslovni put Sr\u0111ana \u0160apera, jednog od osniva\u010da VIS Idoli - od ikone muzike do marketin\u0161kog gurua\" \/>\n<meta name=\"robots\" content=\"index, follow, max-snippet:-1, max-image-preview:large, max-video-preview:-1\" \/>\n<link rel=\"canonical\" href=\"https:\/\/poslovi.infostud.com\/blog\/srdan-saper-put-od-rock-scene-do-marketinske-dominacije\/\" \/>\n<meta property=\"og:locale\" content=\"en_US\" \/>\n<meta property=\"og:type\" content=\"article\" \/>\n<meta property=\"og:title\" content=\"SR\u0110AN \u0160APER: Put od rock scene do marketin\u0161ke dominacije - Poslovi Infostud\" \/>\n<meta property=\"og:description\" content=\"Kako je tekao poslovni put Sr\u0111ana \u0160apera, jednog od osniva\u010da VIS Idoli - od ikone muzike do marketin\u0161kog gurua\" \/>\n<meta property=\"og:url\" content=\"https:\/\/poslovi.infostud.com\/blog\/srdan-saper-put-od-rock-scene-do-marketinske-dominacije\/\" \/>\n<meta property=\"og:site_name\" content=\"Poslovi Infostud\" \/>\n<meta property=\"article:publisher\" content=\"https:\/\/www.facebook.com\/poslovi\/\" \/>\n<meta property=\"article:published_time\" content=\"2023-08-14T07:08:28+00:00\" \/>\n<meta property=\"article:modified_time\" content=\"2023-08-14T14:15:46+00:00\" \/>\n<meta property=\"og:image\" content=\"https:\/\/poslovi.infostud.com\/blog\/wp-content\/uploads\/2023\/08\/Srdjan-Saper.jpg\" \/>\n\t<meta property=\"og:image:width\" content=\"1198\" \/>\n\t<meta property=\"og:image:height\" content=\"667\" \/>\n<meta name=\"twitter:card\" content=\"summary_large_image\" \/>\n<meta name=\"twitter:creator\" content=\"@PosloviInfostud\" \/>\n<meta name=\"twitter:site\" content=\"@PosloviInfostud\" \/>\n<script type=\"application\/ld+json\" class=\"yoast-schema-graph\">{\"@context\":\"https:\/\/schema.org\",\"@graph\":[{\"@type\":\"Organization\",\"@id\":\"https:\/\/poslovi.infostud.com\/blog\/#organization\",\"name\":\"Poslovi.infostud.com\",\"url\":\"https:\/\/poslovi.infostud.com\/blog\/\",\"sameAs\":[\"https:\/\/www.facebook.com\/poslovi\/\",\"https:\/\/www.instagram.com\/poslovi_infostud\/\",\"https:\/\/www.linkedin.com\/company\/poslovi-infostud\/\",\"https:\/\/www.youtube.com\/channel\/UCoDykSGViuDmOTgcBpgIqwA\",\"https:\/\/twitter.com\/PosloviInfostud\"],\"logo\":{\"@type\":\"ImageObject\",\"@id\":\"https:\/\/poslovi.infostud.com\/blog\/#logo\",\"inLanguage\":\"sr-RS\",\"url\":\"https:\/\/poslovi.infostud.com\/blog\/wp-content\/uploads\/2019\/10\/poslovi-infostud-logo.png\",\"width\":300,\"height\":77,\"caption\":\"Poslovi.infostud.com\"},\"image\":{\"@id\":\"https:\/\/poslovi.infostud.com\/blog\/#logo\"}},{\"@type\":\"WebSite\",\"@id\":\"https:\/\/poslovi.infostud.com\/blog\/#website\",\"url\":\"https:\/\/poslovi.infostud.com\/blog\/\",\"name\":\"Poslovi Infostud\",\"description\":\"Blog najboljeg sajta za zapo\\u0161ljavanje u Srbiji\",\"publisher\":{\"@id\":\"https:\/\/poslovi.infostud.com\/blog\/#organization\"},\"potentialAction\":[{\"@type\":\"SearchAction\",\"target\":\"https:\/\/poslovi.infostud.com\/blog\/?s={search_term_string}\",\"query-input\":\"required name=search_term_string\"}],\"inLanguage\":\"sr-RS\"},{\"@type\":\"ImageObject\",\"@id\":\"https:\/\/poslovi.infostud.com\/blog\/srdan-saper-put-od-rock-scene-do-marketinske-dominacije\/#primaryimage\",\"inLanguage\":\"sr-RS\",\"url\":\"https:\/\/poslovi.infostud.com\/blog\/wp-content\/uploads\/2023\/08\/Srdjan-Saper.jpg\",\"width\":1198,\"height\":667,\"caption\":\"Srdjan Saper, marketinski strucnjak\"},{\"@type\":\"WebPage\",\"@id\":\"https:\/\/poslovi.infostud.com\/blog\/srdan-saper-put-od-rock-scene-do-marketinske-dominacije\/#webpage\",\"url\":\"https:\/\/poslovi.infostud.com\/blog\/srdan-saper-put-od-rock-scene-do-marketinske-dominacije\/\",\"name\":\"SR\\u0110AN \\u0160APER: Put od rock scene do marketin\\u0161ke dominacije - Poslovi Infostud\",\"isPartOf\":{\"@id\":\"https:\/\/poslovi.infostud.com\/blog\/#website\"},\"primaryImageOfPage\":{\"@id\":\"https:\/\/poslovi.infostud.com\/blog\/srdan-saper-put-od-rock-scene-do-marketinske-dominacije\/#primaryimage\"},\"datePublished\":\"2023-08-14T07:08:28+00:00\",\"dateModified\":\"2023-08-14T14:15:46+00:00\",\"description\":\"Kako je tekao poslovni put Sr\\u0111ana \\u0160apera, jednog od osniva\\u010da VIS Idoli - od ikone muzike do marketin\\u0161kog gurua\",\"inLanguage\":\"sr-RS\",\"potentialAction\":[{\"@type\":\"ReadAction\",\"target\":[\"https:\/\/poslovi.infostud.com\/blog\/srdan-saper-put-od-rock-scene-do-marketinske-dominacije\/\"]}]},{\"@type\":\"Article\",\"@id\":\"https:\/\/poslovi.infostud.com\/blog\/srdan-saper-put-od-rock-scene-do-marketinske-dominacije\/#article\",\"isPartOf\":{\"@id\":\"https:\/\/poslovi.infostud.com\/blog\/srdan-saper-put-od-rock-scene-do-marketinske-dominacije\/#webpage\"},\"author\":{\"@id\":\"https:\/\/poslovi.infostud.com\/blog\/#\/schema\/person\/07efdb5e50da244ce8f4652147a1ff8d\"},\"headline\":\"SR\\u0110AN \\u0160APER: Put od rock scene do marketin\\u0161ke dominacije\",\"datePublished\":\"2023-08-14T07:08:28+00:00\",\"dateModified\":\"2023-08-14T14:15:46+00:00\",\"mainEntityOfPage\":{\"@id\":\"https:\/\/poslovi.infostud.com\/blog\/srdan-saper-put-od-rock-scene-do-marketinske-dominacije\/#webpage\"},\"commentCount\":0,\"publisher\":{\"@id\":\"https:\/\/poslovi.infostud.com\/blog\/#organization\"},\"image\":{\"@id\":\"https:\/\/poslovi.infostud.com\/blog\/srdan-saper-put-od-rock-scene-do-marketinske-dominacije\/#primaryimage\"},\"articleSection\":\"\\u017delim da napredujem u karijeri\",\"inLanguage\":\"sr-RS\",\"potentialAction\":[{\"@type\":\"CommentAction\",\"name\":\"Comment\",\"target\":[\"https:\/\/poslovi.infostud.com\/blog\/srdan-saper-put-od-rock-scene-do-marketinske-dominacije\/#respond\"]}]},{\"@type\":\"Person\",\"@id\":\"https:\/\/poslovi.infostud.com\/blog\/#\/schema\/person\/07efdb5e50da244ce8f4652147a1ff8d\",\"name\":\"Redakcija Poslovi Infostud\",\"image\":{\"@type\":\"ImageObject\",\"@id\":\"https:\/\/poslovi.infostud.com\/blog\/#personlogo\",\"inLanguage\":\"sr-RS\",\"url\":\"https:\/\/poslovi.infostud.com\/blog\/wp-content\/uploads\/2022\/10\/avatar_user_829851_1666773221-96x96.jpg\",\"caption\":\"Redakcija Poslovi Infostud\"}}]}<\/script>\n<!-- \/ Yoast SEO plugin. -->","_links":{"self":[{"href":"https:\/\/poslovi.infostud.com\/blog\/wp-json\/wp\/v2\/posts\/6877"}],"collection":[{"href":"https:\/\/poslovi.infostud.com\/blog\/wp-json\/wp\/v2\/posts"}],"about":[{"href":"https:\/\/poslovi.infostud.com\/blog\/wp-json\/wp\/v2\/types\/post"}],"author":[{"embeddable":true,"href":"https:\/\/poslovi.infostud.com\/blog\/wp-json\/wp\/v2\/users\/829851"}],"replies":[{"embeddable":true,"href":"https:\/\/poslovi.infostud.com\/blog\/wp-json\/wp\/v2\/comments?post=6877"}],"version-history":[{"count":16,"href":"https:\/\/poslovi.infostud.com\/blog\/wp-json\/wp\/v2\/posts\/6877\/revisions"}],"predecessor-version":[{"id":6895,"href":"https:\/\/poslovi.infostud.com\/blog\/wp-json\/wp\/v2\/posts\/6877\/revisions\/6895"}],"wp:featuredmedia":[{"embeddable":true,"href":"https:\/\/poslovi.infostud.com\/blog\/wp-json\/wp\/v2\/media\/6880"}],"wp:attachment":[{"href":"https:\/\/poslovi.infostud.com\/blog\/wp-json\/wp\/v2\/media?parent=6877"}],"wp:term":[{"taxonomy":"category","embeddable":true,"href":"https:\/\/poslovi.infostud.com\/blog\/wp-json\/wp\/v2\/categories?post=6877"},{"taxonomy":"post_tag","embeddable":true,"href":"https:\/\/poslovi.infostud.com\/blog\/wp-json\/wp\/v2\/tags?post=6877"}],"curies":[{"name":"wp","href":"https:\/\/api.w.org\/{rel}","templated":true}]}}