{"id":9489,"date":"2026-05-01T00:52:52","date_gmt":"2026-04-30T22:52:52","guid":{"rendered":"https:\/\/poslovi.infostud.com\/blog\/?p=9489"},"modified":"2026-05-01T00:59:39","modified_gmt":"2026-04-30T22:59:39","slug":"u-susret-prvom-maju-gde-je-danas-trziste-rada-u-srbiji","status":"publish","type":"post","link":"https:\/\/poslovi.infostud.com\/blog\/u-susret-prvom-maju-gde-je-danas-trziste-rada-u-srbiji\/","title":{"rendered":"U susret Prvom maju: Gde je danas tr\u017ei\u0161te rada u Srbiji"},"content":{"rendered":"\n<p>Me\u0111unarodni praznik rada tradicionalno je trenutak za preispitivanje polo\u017eaja zaposlenih, ali i \u0161ire slike tr\u017ei\u0161ta rada. U Srbiji, ta slika danas nije ni crno-bela ni stabilna, ve\u0107 prili\u010dno kontradiktorna.<\/p>\n\n\n\n<p>Sa jedne strane, zvani\u010dni podaci pokazuju rast zarada i relativnu makroekonomsku stabilnost. Sa druge, poslodavci sve te\u017ee dolaze do radne snage, a odre\u0111eni sektori bele\u017ee pad zaposlenosti i hroni\u010dan manjak kvalifikovanih radnika.<\/p>\n\n\n\n<h2>Polovina zaposlenih u Srbiji zara\u0111uje ispod 91 399 dinara<\/h2>\n\n\n\n<p>Prema podacima Republi\u010dkog zavoda za statistiku, u prvom kvartalu 2026. godine u Srbiji je bilo zaposleno 2.355.857 ljudi, \u0161to je blagi pad od oko 9.000 zaposlenih u odnosu na isti period pro\u0161le godine. Najve\u0107i pad bele\u017ei prera\u0111iva\u010dka industrija, ali i trgovina, rudarstvo i poljoprivreda.<\/p>\n\n\n\n<p>Istovremeno, prose\u010dna neto zarada za februar 2026. iznosila je 116.127 dinara, uz realan rast od 8,5% u odnosu na prethodnu godinu. Me\u0111utim, medijalna zarada je zna\u010dajno ni\u017ea i iznosi 91.399 dinara, \u0161to jasno pokazuje da polovina zaposlenih zara\u0111uje ispod tog nivoa.<\/p>\n\n\n\n<h2>Struktura potra\u017enje se zna\u010dajno ne menja<\/h2>\n\n\n\n<p>Tokom 2025. godine objavljeno je ukupno 62.632 oglasa za posao, \u0161to je oko 15% manje nego u 2024. Struktura potra\u017enje ostaje gotovo ista \u2013 trgovina, proizvodnja, usluge, IT i ugostiteljstvo dominiraju, dok su naj\u010de\u0161\u0107e tra\u017eeni prodavci, radnici u proizvodnji, magacioneri, komercijalisti, voza\u010di. Drugim re\u010dima: ekonomija i dalje najvi\u0161e tra\u017ei ljude koji odr\u017eavaju svakodnevno funkcionisanje sistema.<\/p>\n\n\n\n<p>Zanatska i tehni\u010dka zanimanja i dalje su me\u0111u najdeficitarnijima: zidari, mehani\u010dari i autolimari, automehani\u010dari, frizeri, kozmeti\u010dari i pekari, ali i pojedini visokoobrazovani profili, poput veterinara.<\/p>\n\n\n\n<p>Sezonsko zapo\u0161ljavanje dodatno isti\u010de problem deficita \u2013 u Hrvatskoj i Crnoj gori je tokom sezone potrebno oko 95.000 radnika, pa raste pritisak na ovda\u0161nje poslodavce u sektoru ugostiteljstva jer je deficit potrebnog kadra u periodu uo\u010di letnje sezone jo\u0161 izra\u017eeniji. Plate u ovom sektoru u Hrvatskoj i Crnoj gori zna\u010dajno prema\u0161uju doma\u0107i prosek, ali uprkos tome, za kvalifikovanije pozicije, poput kuvara, kandidata i dalje nema dovoljno.<\/p>\n\n\n\n<h2>IT tr\u017ei\u0161te i AI<\/h2>\n\n\n\n<p>IT sektor bele\u017ei blagi pad oglasa, &nbsp;2025. godine je bilo 16% manje oglasa nego 2024. godine i u ponudi dominiraju medior i senior pozicije.<\/p>\n\n\n\n<p>To je direktna posledica globalnog usporavanja i racionalizacije tro\u0161kova. IT je godinama rastao uz veliki priliv investicija i veliko zapo\u0161ljavanje. Sad kompanije manje zapo\u0161ljavaju i optimizuju timove. Srbija je posebno pogo\u0111ena jer je IT sektor dominantno zasnovan na outsourcing modelu. Kad strani klijenti smanje bud\u017eete ili promene strategiju, to se odmah preliva na lokalne timove. Zato vidimo situacije da se projekat zavr\u0161i ili preseli i ceo tim se raspusti. AI i automatizacija po\u010dinju da imaju realan uticaj, tako \u0161to smanjuju potrebu za odre\u0111enim tipovima poslova i to posebno u supportu, QA-u i rutinskim zadacima.<\/p>\n\n\n\n<p><a href=\"https:\/\/helloworld.rs\/blog\/Potraznja-za-AI-strucnjacima-u-Srbiji-udvostrucena-u-godinu-dana\/21761\">Potra\u017enja za AI stru\u010dnjacima u Srbiji porasla je za vi\u0161e od 80% u odnosu na prethodnu godinu<\/a> prema podacima , uz gotovo dupliran broj oglasa.Ipak, potra\u017enja za ovim stru\u010dnjacima nije rezervisana samo za IT sektor, za njih postoji ponuda poslova i u oblasti finansija, telekomunikacija i e-commerce.<\/p>\n\n\n\n<p>Najtra\u017eeniji profili su:<\/p>\n\n\n\n<ul><li>AI engineer<\/li><li>machine learning engineer<\/li><li>developeri sa AI ve\u0161tinama<\/li><\/ul>\n\n\n\n<p>Ali i ovde va\u017ei isto pravilo: tra\u017ee se iskusni kadrovi, dok su junior pozicije minimalno zastupljene.<\/p>\n\n\n\n<p>Mo\u017ee se re\u0107i da se IT sektor &nbsp;stabilizovao sa manjim brojem ogla\u0161enih pozicija, ve\u0107im zahtevima i jasnim pomeranjem ka iskusnijim kadrovima i poslovima ve\u0107e vrednosti.<\/p>\n\n\n\n<h2>Mladi izme\u0111u o\u010dekivanja i realnosti<\/h2>\n\n\n\n<p>U 2025. godini zabele\u017eeno je za oko 20% manje oglasa za mlade u odnosu na prethodnu godinu. Mladi se suo\u010davaju sa nedostatkom iskustva i ote\u017eanim ulaskom na tr\u017ei\u0161te rada. O\u010dekuju fleksibilnost i balans, ali tr\u017ei\u0161te tra\u017ei iskustvo koje jo\u0161 nemaju.U ovakvom okru\u017eenju, pozicija mladih na tr\u017ei\u0161tu rada postaje posebno kompleksna.<\/p>\n\n\n\n<p>Prema istra\u017eivanju Infostudovog portala Startuj, mladi nakon srednje \u0161kole \u010desto nemaju jasnu sliku o tome \u0161ta ih \u010deka na tr\u017ei\u0161tu rada, niti kako da do\u0111u do prvog posla. Istovremeno, kao najve\u0107e izazove navode nedostatak iskustva, ali i nesigurnost u izbor karijere.<\/p>\n\n\n\n<p>Ono \u0161to je posebno va\u017eno \u2013 njihova o\u010dekivanja se razlikuju od prethodnih generacija.<br>Mladi sve vi\u0161e vrednuju: fleksibilno radno vreme, balans izme\u0111u privatnog i poslovnog \u017eivota, kao i smislen i stabilan posao.<\/p>\n\n\n\n<p>Me\u0111utim, tr\u017ei\u0161te im u ovom trenutku ne izlazi u potpunosti u susret. Kako pokazuju podaci o oglasima, junior pozicije su ograni\u010dene, dok poslodavci sve \u010de\u0161\u0107e tra\u017ee ve\u0107 formirane, iskusne kadrove. To prakti\u010dno zna\u010di da mladi ulaze na tr\u017ei\u0161te koje od njih o\u010dekuje iskustvo koje jo\u0161 nemaju.Taj jaz izme\u0111u o\u010dekivanja i realnosti dodatno komplikuje ionako slo\u017eenu sliku tr\u017ei\u0161ta rada.<\/p>\n","protected":false},"excerpt":{"rendered":"<p>Me\u0111unarodni praznik rada tradicionalno je trenutak za preispitivanje polo\u017eaja zaposlenih, ali i \u0161ire slike tr\u017ei\u0161ta rada. U Srbiji, ta slika danas nije ni crno-bela ni stabilna, ve\u0107 prili\u010dno kontradiktorna. Sa jedne strane, zvani\u010dni podaci pokazuju rast zarada i relativnu makroekonomsku stabilnost. Sa druge, poslodavci sve te\u017ee dolaze do radne snage, a odre\u0111eni sektori bele\u017ee pad [&hellip;]<\/p>\n","protected":false},"author":829851,"featured_media":9494,"comment_status":"open","ping_status":"open","sticky":false,"template":"","format":"standard","meta":[],"categories":[1,9],"tags":[],"yoast_head":"<!-- This site is optimized with the Yoast SEO plugin v15.1.1 - https:\/\/yoast.com\/wordpress\/plugins\/seo\/ -->\n<title>U susret Prvom maju: Gde je danas tr\u017ei\u0161te rada u Srbiji - Poslovi Infostud<\/title>\n<meta name=\"robots\" content=\"index, follow, max-snippet:-1, max-image-preview:large, max-video-preview:-1\" \/>\n<link rel=\"canonical\" href=\"https:\/\/poslovi.infostud.com\/blog\/u-susret-prvom-maju-gde-je-danas-trziste-rada-u-srbiji\/\" \/>\n<meta property=\"og:locale\" content=\"en_US\" \/>\n<meta property=\"og:type\" content=\"article\" \/>\n<meta property=\"og:title\" content=\"U susret Prvom maju: Gde je danas tr\u017ei\u0161te rada u Srbiji - Poslovi Infostud\" \/>\n<meta property=\"og:description\" content=\"Me\u0111unarodni praznik rada tradicionalno je trenutak za preispitivanje polo\u017eaja zaposlenih, ali i \u0161ire slike tr\u017ei\u0161ta rada. U Srbiji, ta slika danas nije ni crno-bela ni stabilna, ve\u0107 prili\u010dno kontradiktorna. Sa jedne strane, zvani\u010dni podaci pokazuju rast zarada i relativnu makroekonomsku stabilnost. Sa druge, poslodavci sve te\u017ee dolaze do radne snage, a odre\u0111eni sektori bele\u017ee pad [&hellip;]\" \/>\n<meta property=\"og:url\" content=\"https:\/\/poslovi.infostud.com\/blog\/u-susret-prvom-maju-gde-je-danas-trziste-rada-u-srbiji\/\" \/>\n<meta property=\"og:site_name\" content=\"Poslovi Infostud\" \/>\n<meta property=\"article:publisher\" content=\"https:\/\/www.facebook.com\/poslovi\/\" \/>\n<meta property=\"article:published_time\" content=\"2026-04-30T22:52:52+00:00\" \/>\n<meta property=\"article:modified_time\" content=\"2026-04-30T22:59:39+00:00\" \/>\n<meta property=\"og:image\" content=\"https:\/\/poslovi.infostud.com\/blog\/wp-content\/uploads\/2026\/05\/shutterstock_2286115733-scaled-e1777589531676.jpg\" \/>\n\t<meta property=\"og:image:width\" content=\"1100\" \/>\n\t<meta property=\"og:image:height\" content=\"732\" \/>\n<meta name=\"twitter:card\" content=\"summary_large_image\" \/>\n<meta name=\"twitter:creator\" content=\"@PosloviInfostud\" \/>\n<meta name=\"twitter:site\" content=\"@PosloviInfostud\" \/>\n<script type=\"application\/ld+json\" class=\"yoast-schema-graph\">{\"@context\":\"https:\/\/schema.org\",\"@graph\":[{\"@type\":\"Organization\",\"@id\":\"https:\/\/poslovi.infostud.com\/blog\/#organization\",\"name\":\"Poslovi.infostud.com\",\"url\":\"https:\/\/poslovi.infostud.com\/blog\/\",\"sameAs\":[\"https:\/\/www.facebook.com\/poslovi\/\",\"https:\/\/www.instagram.com\/poslovi_infostud\/\",\"https:\/\/www.linkedin.com\/company\/poslovi-infostud\/\",\"https:\/\/www.youtube.com\/channel\/UCoDykSGViuDmOTgcBpgIqwA\",\"https:\/\/twitter.com\/PosloviInfostud\"],\"logo\":{\"@type\":\"ImageObject\",\"@id\":\"https:\/\/poslovi.infostud.com\/blog\/#logo\",\"inLanguage\":\"sr-RS\",\"url\":\"https:\/\/poslovi.infostud.com\/blog\/wp-content\/uploads\/2019\/10\/poslovi-infostud-logo.png\",\"width\":300,\"height\":77,\"caption\":\"Poslovi.infostud.com\"},\"image\":{\"@id\":\"https:\/\/poslovi.infostud.com\/blog\/#logo\"}},{\"@type\":\"WebSite\",\"@id\":\"https:\/\/poslovi.infostud.com\/blog\/#website\",\"url\":\"https:\/\/poslovi.infostud.com\/blog\/\",\"name\":\"Poslovi Infostud\",\"description\":\"Blog najboljeg sajta za zapo\\u0161ljavanje u Srbiji\",\"publisher\":{\"@id\":\"https:\/\/poslovi.infostud.com\/blog\/#organization\"},\"potentialAction\":[{\"@type\":\"SearchAction\",\"target\":\"https:\/\/poslovi.infostud.com\/blog\/?s={search_term_string}\",\"query-input\":\"required name=search_term_string\"}],\"inLanguage\":\"sr-RS\"},{\"@type\":\"ImageObject\",\"@id\":\"https:\/\/poslovi.infostud.com\/blog\/u-susret-prvom-maju-gde-je-danas-trziste-rada-u-srbiji\/#primaryimage\",\"inLanguage\":\"sr-RS\",\"url\":\"https:\/\/poslovi.infostud.com\/blog\/wp-content\/uploads\/2026\/05\/shutterstock_2286115733-scaled-e1777589531676.jpg\",\"width\":1100,\"height\":732,\"caption\":\"Prvi maj u Srbiji\"},{\"@type\":\"WebPage\",\"@id\":\"https:\/\/poslovi.infostud.com\/blog\/u-susret-prvom-maju-gde-je-danas-trziste-rada-u-srbiji\/#webpage\",\"url\":\"https:\/\/poslovi.infostud.com\/blog\/u-susret-prvom-maju-gde-je-danas-trziste-rada-u-srbiji\/\",\"name\":\"U susret Prvom maju: Gde je danas tr\\u017ei\\u0161te rada u Srbiji - Poslovi Infostud\",\"isPartOf\":{\"@id\":\"https:\/\/poslovi.infostud.com\/blog\/#website\"},\"primaryImageOfPage\":{\"@id\":\"https:\/\/poslovi.infostud.com\/blog\/u-susret-prvom-maju-gde-je-danas-trziste-rada-u-srbiji\/#primaryimage\"},\"datePublished\":\"2026-04-30T22:52:52+00:00\",\"dateModified\":\"2026-04-30T22:59:39+00:00\",\"inLanguage\":\"sr-RS\",\"potentialAction\":[{\"@type\":\"ReadAction\",\"target\":[\"https:\/\/poslovi.infostud.com\/blog\/u-susret-prvom-maju-gde-je-danas-trziste-rada-u-srbiji\/\"]}]},{\"@type\":\"Article\",\"@id\":\"https:\/\/poslovi.infostud.com\/blog\/u-susret-prvom-maju-gde-je-danas-trziste-rada-u-srbiji\/#article\",\"isPartOf\":{\"@id\":\"https:\/\/poslovi.infostud.com\/blog\/u-susret-prvom-maju-gde-je-danas-trziste-rada-u-srbiji\/#webpage\"},\"author\":{\"@id\":\"https:\/\/poslovi.infostud.com\/blog\/#\/schema\/person\/07efdb5e50da244ce8f4652147a1ff8d\"},\"headline\":\"U susret Prvom maju: Gde je danas tr\\u017ei\\u0161te rada u Srbiji\",\"datePublished\":\"2026-04-30T22:52:52+00:00\",\"dateModified\":\"2026-04-30T22:59:39+00:00\",\"mainEntityOfPage\":{\"@id\":\"https:\/\/poslovi.infostud.com\/blog\/u-susret-prvom-maju-gde-je-danas-trziste-rada-u-srbiji\/#webpage\"},\"commentCount\":0,\"publisher\":{\"@id\":\"https:\/\/poslovi.infostud.com\/blog\/#organization\"},\"image\":{\"@id\":\"https:\/\/poslovi.infostud.com\/blog\/u-susret-prvom-maju-gde-je-danas-trziste-rada-u-srbiji\/#primaryimage\"},\"articleSection\":\"Svi tekstovi,\\u017delim da napredujem u karijeri\",\"inLanguage\":\"sr-RS\",\"potentialAction\":[{\"@type\":\"CommentAction\",\"name\":\"Comment\",\"target\":[\"https:\/\/poslovi.infostud.com\/blog\/u-susret-prvom-maju-gde-je-danas-trziste-rada-u-srbiji\/#respond\"]}]},{\"@type\":\"Person\",\"@id\":\"https:\/\/poslovi.infostud.com\/blog\/#\/schema\/person\/07efdb5e50da244ce8f4652147a1ff8d\",\"name\":\"Redakcija Poslovi Infostud\",\"image\":{\"@type\":\"ImageObject\",\"@id\":\"https:\/\/poslovi.infostud.com\/blog\/#personlogo\",\"inLanguage\":\"sr-RS\",\"url\":\"https:\/\/poslovi.infostud.com\/blog\/wp-content\/uploads\/2022\/10\/avatar_user_829851_1666773221-96x96.jpg\",\"caption\":\"Redakcija Poslovi Infostud\"}}]}<\/script>\n<!-- \/ Yoast SEO plugin. -->","_links":{"self":[{"href":"https:\/\/poslovi.infostud.com\/blog\/wp-json\/wp\/v2\/posts\/9489"}],"collection":[{"href":"https:\/\/poslovi.infostud.com\/blog\/wp-json\/wp\/v2\/posts"}],"about":[{"href":"https:\/\/poslovi.infostud.com\/blog\/wp-json\/wp\/v2\/types\/post"}],"author":[{"embeddable":true,"href":"https:\/\/poslovi.infostud.com\/blog\/wp-json\/wp\/v2\/users\/829851"}],"replies":[{"embeddable":true,"href":"https:\/\/poslovi.infostud.com\/blog\/wp-json\/wp\/v2\/comments?post=9489"}],"version-history":[{"count":5,"href":"https:\/\/poslovi.infostud.com\/blog\/wp-json\/wp\/v2\/posts\/9489\/revisions"}],"predecessor-version":[{"id":9498,"href":"https:\/\/poslovi.infostud.com\/blog\/wp-json\/wp\/v2\/posts\/9489\/revisions\/9498"}],"wp:featuredmedia":[{"embeddable":true,"href":"https:\/\/poslovi.infostud.com\/blog\/wp-json\/wp\/v2\/media\/9494"}],"wp:attachment":[{"href":"https:\/\/poslovi.infostud.com\/blog\/wp-json\/wp\/v2\/media?parent=9489"}],"wp:term":[{"taxonomy":"category","embeddable":true,"href":"https:\/\/poslovi.infostud.com\/blog\/wp-json\/wp\/v2\/categories?post=9489"},{"taxonomy":"post_tag","embeddable":true,"href":"https:\/\/poslovi.infostud.com\/blog\/wp-json\/wp\/v2\/tags?post=9489"}],"curies":[{"name":"wp","href":"https:\/\/api.w.org\/{rel}","templated":true}]}}